{"id":503,"date":"2023-07-25T19:29:10","date_gmt":"2023-07-25T17:29:10","guid":{"rendered":"https:\/\/burkina-business-incubator.com\/?p=503"},"modified":"2026-07-25T19:37:13","modified_gmt":"2026-07-25T17:37:13","slug":"projet-entrepreneuriat-social-pour-le-developpement-durable-en-afrique-subsaharienne-lecons-tirees-de-lincubation-dentreprises-au-burkina-faso","status":"publish","type":"post","link":"https:\/\/burkina-business-incubator.com\/?p=503","title":{"rendered":"Projet entrepreneuriat social pour le D\u00e9veloppement Durable en Afrique Subsaharienne : le\u00e7ons tir\u00e9es de l&#8217;incubation d&#8217;entreprises au Burkina Faso"},"content":{"rendered":"<p><span style=\"color: #008080;\"><strong>DESCRIPTION DU PROJET<\/strong><\/span><\/p>\n<p>Par l\u2019initiative de DENIS AND LENORA FORETIA FOUNDATION, Burkina Business Incubator a dirig\u00e9 ce projet d\u2019\u00e9tude.<\/p>\n<p><span style=\"color: #008080;\"><strong>Les missions de ce projet<\/strong><\/span><\/p>\n<p>Cette \u00e9tude avait diff\u00e9rentes missions tels<\/p>\n<ul>\n<li>faire un \u00e9tat des lieux de l&#8217;\u00e9cosyst\u00e8me de l&#8217;entrepreneuriat social au Burkina Faso,<\/li>\n<li>organiser un atelier de restitution au niveau national avec les parties prenantes, participer \u00e0 un symposium international pour discuter des r\u00e9sultats des rapports nationaux combin\u00e9s avec des experts et des acteurs d&#8217;autres pays d&#8217;Afrique subsaharienne.<\/li>\n<\/ul>\n<p><span style=\"color: #008080;\"><strong>La p\u00e9riode<\/strong><\/span><\/p>\n<ul>\n<li>D\u00e9but\u00e9 en juin 2021<\/li>\n<\/ul>\n<p><span style=\"color: #008080;\"><strong>Partenaire au projet<\/strong><\/span><\/p>\n<p><img  alt=\"\" width=\"277\" height=\"147\" class=\"alignnone wp-image-255 size-full\" \/ loading=\"eager\" fetchpriority=\"high\" decoding=\"async\" src=\"https:\/\/burkina-business-incubator.com\/wp-content\/uploads\/2026\/07\/DENIS.jpg\"><\/p>\n<p>&nbsp;<\/p>\n","protected":false},"excerpt":{"rendered":"<p>DESCRIPTION DU PROJET Par l\u2019initiative de DENIS AND LENORA FORETIA FOUNDATION, Burkina Business Incubator a dirig\u00e9 ce projet d\u2019\u00e9tude. Les missions de ce projet Cette \u00e9tude avait diff\u00e9rentes missions tels faire un \u00e9tat des lieux de l&#8217;\u00e9cosyst\u00e8me de l&#8217;entrepreneuriat social au Burkina Faso, organiser un atelier de restitution au niveau [&hellip;]<\/p>\n","protected":false},"author":1,"featured_media":505,"comment_status":"open","ping_status":"open","sticky":false,"template":"","format":"standard","meta":{"_themeisle_gutenberg_block_has_review":false,"footnotes":""},"categories":[6],"tags":[],"class_list":["post-503","post","type-post","status-publish","format-standard","has-post-thumbnail","hentry","category-nos-realisations"],"yoast_head":"<!-- This site is optimized with the Yoast SEO plugin v28.4 - https:\/\/yoast.com\/product\/yoast-seo-wordpress\/ -->\n<title>Projet entrepreneuriat social pour le D\u00e9veloppement Durable en Afrique Subsaharienne : le\u00e7ons tir\u00e9es de l&#039;incubation d&#039;entreprises au Burkina Faso - BBI<\/title>\n<meta name=\"robots\" content=\"index, follow, max-snippet:-1, max-image-preview:large, max-video-preview:-1\" \/>\n<link rel=\"canonical\" href=\"https:\/\/burkina-business-incubator.com\/?p=503\" \/>\n<meta property=\"og:locale\" content=\"en_US\" \/>\n<meta property=\"og:type\" content=\"article\" \/>\n<meta property=\"og:title\" content=\"Projet entrepreneuriat social pour le D\u00e9veloppement Durable en Afrique Subsaharienne : le\u00e7ons tir\u00e9es de l&#039;incubation d&#039;entreprises au Burkina Faso - BBI\" \/>\n<meta property=\"og:description\" content=\"DESCRIPTION DU PROJET Par l\u2019initiative de DENIS AND LENORA FORETIA FOUNDATION, Burkina Business Incubator a dirig\u00e9 ce projet d\u2019\u00e9tude. Les missions de ce projet Cette \u00e9tude avait diff\u00e9rentes missions tels faire un \u00e9tat des lieux de l&#8217;\u00e9cosyst\u00e8me de l&#8217;entrepreneuriat social au Burkina Faso, organiser un atelier de restitution au niveau [&hellip;]\" \/>\n<meta property=\"og:url\" content=\"https:\/\/burkina-business-incubator.com\/?p=503\" \/>\n<meta property=\"og:site_name\" content=\"BBI\" \/>\n<meta property=\"article:published_time\" content=\"2023-07-25T17:29:10+00:00\" \/>\n<meta property=\"article:modified_time\" content=\"2026-07-25T17:37:13+00:00\" \/>\n<meta property=\"og:image\" content=\"https:\/\/burkina-business-incubator.com\/wp-content\/uploads\/2023\/07\/proj1.jpg\" \/>\n\t<meta property=\"og:image:width\" content=\"406\" \/>\n\t<meta property=\"og:image:height\" content=\"270\" \/>\n\t<meta property=\"og:image:type\" content=\"image\/jpeg\" \/>\n<meta name=\"author\" content=\"admin\" \/>\n<meta name=\"twitter:card\" content=\"summary_large_image\" \/>\n<meta name=\"twitter:label1\" content=\"Written by\" \/>\n\t<meta name=\"twitter:data1\" content=\"admin\" \/>\n\t<meta name=\"twitter:label2\" content=\"Est. reading time\" \/>\n\t<meta name=\"twitter:data2\" content=\"1 minute\" \/>\n<script type=\"application\/ld+json\" class=\"yoast-schema-graph\">{\"@context\":\"https:\\\/\\\/schema.org\",\"@graph\":[{\"@type\":\"Article\",\"@id\":\"https:\\\/\\\/burkina-business-incubator.com\\\/?p=503#article\",\"isPartOf\":{\"@id\":\"https:\\\/\\\/burkina-business-incubator.com\\\/?p=503\"},\"author\":{\"name\":\"admin\",\"@id\":\"https:\\\/\\\/burkina-business-incubator.com\\\/#\\\/schema\\\/person\\\/b2a092eb04839bc0fa3b422c8e6685ca\"},\"headline\":\"Projet entrepreneuriat social pour le D\u00e9veloppement Durable en Afrique Subsaharienne : le\u00e7ons tir\u00e9es de l&#8217;incubation d&#8217;entreprises au Burkina Faso\",\"datePublished\":\"2023-07-25T17:29:10+00:00\",\"dateModified\":\"2026-07-25T17:37:13+00:00\",\"mainEntityOfPage\":{\"@id\":\"https:\\\/\\\/burkina-business-incubator.com\\\/?p=503\"},\"wordCount\":121,\"commentCount\":0,\"publisher\":{\"@id\":\"https:\\\/\\\/burkina-business-incubator.com\\\/#organization\"},\"image\":{\"@id\":\"https:\\\/\\\/burkina-business-incubator.com\\\/?p=503#primaryimage\"},\"thumbnailUrl\":\"https:\\\/\\\/burkina-business-incubator.com\\\/wp-content\\\/uploads\\\/2023\\\/07\\\/proj1.jpg\",\"articleSection\":[\"Nos r\u00e9alisations\"],\"inLanguage\":\"en-US\",\"potentialAction\":[{\"@type\":\"CommentAction\",\"name\":\"Comment\",\"target\":[\"https:\\\/\\\/burkina-business-incubator.com\\\/?p=503#respond\"]}]},{\"@type\":\"WebPage\",\"@id\":\"https:\\\/\\\/burkina-business-incubator.com\\\/?p=503\",\"url\":\"https:\\\/\\\/burkina-business-incubator.com\\\/?p=503\",\"name\":\"Projet entrepreneuriat social pour le D\u00e9veloppement Durable en Afrique Subsaharienne : le\u00e7ons tir\u00e9es de l'incubation d'entreprises au Burkina Faso - BBI\",\"isPartOf\":{\"@id\":\"https:\\\/\\\/burkina-business-incubator.com\\\/#website\"},\"primaryImageOfPage\":{\"@id\":\"https:\\\/\\\/burkina-business-incubator.com\\\/?p=503#primaryimage\"},\"image\":{\"@id\":\"https:\\\/\\\/burkina-business-incubator.com\\\/?p=503#primaryimage\"},\"thumbnailUrl\":\"https:\\\/\\\/burkina-business-incubator.com\\\/wp-content\\\/uploads\\\/2023\\\/07\\\/proj1.jpg\",\"datePublished\":\"2023-07-25T17:29:10+00:00\",\"dateModified\":\"2026-07-25T17:37:13+00:00\",\"breadcrumb\":{\"@id\":\"https:\\\/\\\/burkina-business-incubator.com\\\/?p=503#breadcrumb\"},\"inLanguage\":\"en-US\",\"potentialAction\":[{\"@type\":\"ReadAction\",\"target\":[\"https:\\\/\\\/burkina-business-incubator.com\\\/?p=503\"]}]},{\"@type\":\"ImageObject\",\"inLanguage\":\"en-US\",\"@id\":\"https:\\\/\\\/burkina-business-incubator.com\\\/?p=503#primaryimage\",\"url\":\"https:\\\/\\\/burkina-business-incubator.com\\\/wp-content\\\/uploads\\\/2023\\\/07\\\/proj1.jpg\",\"contentUrl\":\"https:\\\/\\\/burkina-business-incubator.com\\\/wp-content\\\/uploads\\\/2023\\\/07\\\/proj1.jpg\",\"width\":406,\"height\":270},{\"@type\":\"BreadcrumbList\",\"@id\":\"https:\\\/\\\/burkina-business-incubator.com\\\/?p=503#breadcrumb\",\"itemListElement\":[{\"@type\":\"ListItem\",\"position\":1,\"name\":\"Home\",\"item\":\"https:\\\/\\\/burkina-business-incubator.com\\\/\"},{\"@type\":\"ListItem\",\"position\":2,\"name\":\"Projet entrepreneuriat social pour le D\u00e9veloppement Durable en Afrique Subsaharienne : le\u00e7ons tir\u00e9es de l&rsquo;incubation d&rsquo;entreprises au Burkina Faso\"}]},{\"@type\":\"WebSite\",\"@id\":\"https:\\\/\\\/burkina-business-incubator.com\\\/#website\",\"url\":\"https:\\\/\\\/burkina-business-incubator.com\\\/\",\"name\":\"BBI\",\"description\":\"Burkina Business Incubator\",\"publisher\":{\"@id\":\"https:\\\/\\\/burkina-business-incubator.com\\\/#organization\"},\"potentialAction\":[{\"@type\":\"SearchAction\",\"target\":{\"@type\":\"EntryPoint\",\"urlTemplate\":\"https:\\\/\\\/burkina-business-incubator.com\\\/?s={search_term_string}\"},\"query-input\":{\"@type\":\"PropertyValueSpecification\",\"valueRequired\":true,\"valueName\":\"search_term_string\"}}],\"inLanguage\":\"en-US\"},{\"@type\":\"Organization\",\"@id\":\"https:\\\/\\\/burkina-business-incubator.com\\\/#organization\",\"name\":\"BBI\",\"url\":\"https:\\\/\\\/burkina-business-incubator.com\\\/\",\"logo\":{\"@type\":\"ImageObject\",\"inLanguage\":\"en-US\",\"@id\":\"https:\\\/\\\/burkina-business-incubator.com\\\/#\\\/schema\\\/logo\\\/image\\\/\",\"url\":\"https:\\\/\\\/burkina-business-incubator.com\\\/wp-content\\\/uploads\\\/2026\\\/07\\\/cropped-BBI.png\",\"contentUrl\":\"https:\\\/\\\/burkina-business-incubator.com\\\/wp-content\\\/uploads\\\/2026\\\/07\\\/cropped-BBI.png\",\"width\":1630,\"height\":940,\"caption\":\"BBI\"},\"image\":{\"@id\":\"https:\\\/\\\/burkina-business-incubator.com\\\/#\\\/schema\\\/logo\\\/image\\\/\"}},{\"@type\":\"Person\",\"@id\":\"https:\\\/\\\/burkina-business-incubator.com\\\/#\\\/schema\\\/person\\\/b2a092eb04839bc0fa3b422c8e6685ca\",\"name\":\"admin\",\"image\":{\"@type\":\"ImageObject\",\"inLanguage\":\"en-US\",\"@id\":\"https:\\\/\\\/secure.gravatar.com\\\/avatar\\\/e4ad5bb743c8b6cb174d9df6c7d30a8a16f6889731241345fc6444e6485f02af?s=96&d=mm&r=g\",\"url\":\"https:\\\/\\\/secure.gravatar.com\\\/avatar\\\/e4ad5bb743c8b6cb174d9df6c7d30a8a16f6889731241345fc6444e6485f02af?s=96&d=mm&r=g\",\"contentUrl\":\"https:\\\/\\\/secure.gravatar.com\\\/avatar\\\/e4ad5bb743c8b6cb174d9df6c7d30a8a16f6889731241345fc6444e6485f02af?s=96&d=mm&r=g\",\"caption\":\"admin\"},\"sameAs\":[\"https:\\\/\\\/burkina-business-incubator.com\"],\"url\":\"https:\\\/\\\/burkina-business-incubator.com\\\/?author=1\"}]}<\/script>\n<!-- \/ Yoast SEO plugin. -->","yoast_head_json":{"title":"Projet entrepreneuriat social pour le D\u00e9veloppement Durable en Afrique Subsaharienne : le\u00e7ons tir\u00e9es de l'incubation d'entreprises au Burkina Faso - BBI","robots":{"index":"index","follow":"follow","max-snippet":"max-snippet:-1","max-image-preview":"max-image-preview:large","max-video-preview":"max-video-preview:-1"},"canonical":"https:\/\/burkina-business-incubator.com\/?p=503","og_locale":"en_US","og_type":"article","og_title":"Projet entrepreneuriat social pour le D\u00e9veloppement Durable en Afrique Subsaharienne : le\u00e7ons tir\u00e9es de l'incubation d'entreprises au Burkina Faso - BBI","og_description":"DESCRIPTION DU PROJET Par l\u2019initiative de DENIS AND LENORA FORETIA FOUNDATION, Burkina Business Incubator a dirig\u00e9 ce projet d\u2019\u00e9tude. Les missions de ce projet Cette \u00e9tude avait diff\u00e9rentes missions tels faire un \u00e9tat des lieux de l&#8217;\u00e9cosyst\u00e8me de l&#8217;entrepreneuriat social au Burkina Faso, organiser un atelier de restitution au niveau [&hellip;]","og_url":"https:\/\/burkina-business-incubator.com\/?p=503","og_site_name":"BBI","article_published_time":"2023-07-25T17:29:10+00:00","article_modified_time":"2026-07-25T17:37:13+00:00","og_image":[{"width":406,"height":270,"url":"https:\/\/burkina-business-incubator.com\/wp-content\/uploads\/2023\/07\/proj1.jpg","type":"image\/jpeg"}],"author":"admin","twitter_card":"summary_large_image","twitter_misc":{"Written by":"admin","Est. reading time":"1 minute"},"schema":{"@context":"https:\/\/schema.org","@graph":[{"@type":"Article","@id":"https:\/\/burkina-business-incubator.com\/?p=503#article","isPartOf":{"@id":"https:\/\/burkina-business-incubator.com\/?p=503"},"author":{"name":"admin","@id":"https:\/\/burkina-business-incubator.com\/#\/schema\/person\/b2a092eb04839bc0fa3b422c8e6685ca"},"headline":"Projet entrepreneuriat social pour le D\u00e9veloppement Durable en Afrique Subsaharienne : le\u00e7ons tir\u00e9es de l&#8217;incubation d&#8217;entreprises au Burkina Faso","datePublished":"2023-07-25T17:29:10+00:00","dateModified":"2026-07-25T17:37:13+00:00","mainEntityOfPage":{"@id":"https:\/\/burkina-business-incubator.com\/?p=503"},"wordCount":121,"commentCount":0,"publisher":{"@id":"https:\/\/burkina-business-incubator.com\/#organization"},"image":{"@id":"https:\/\/burkina-business-incubator.com\/?p=503#primaryimage"},"thumbnailUrl":"https:\/\/burkina-business-incubator.com\/wp-content\/uploads\/2023\/07\/proj1.jpg","articleSection":["Nos r\u00e9alisations"],"inLanguage":"en-US","potentialAction":[{"@type":"CommentAction","name":"Comment","target":["https:\/\/burkina-business-incubator.com\/?p=503#respond"]}]},{"@type":"WebPage","@id":"https:\/\/burkina-business-incubator.com\/?p=503","url":"https:\/\/burkina-business-incubator.com\/?p=503","name":"Projet entrepreneuriat social pour le D\u00e9veloppement Durable en Afrique Subsaharienne : le\u00e7ons tir\u00e9es de l'incubation d'entreprises au Burkina Faso - BBI","isPartOf":{"@id":"https:\/\/burkina-business-incubator.com\/#website"},"primaryImageOfPage":{"@id":"https:\/\/burkina-business-incubator.com\/?p=503#primaryimage"},"image":{"@id":"https:\/\/burkina-business-incubator.com\/?p=503#primaryimage"},"thumbnailUrl":"https:\/\/burkina-business-incubator.com\/wp-content\/uploads\/2023\/07\/proj1.jpg","datePublished":"2023-07-25T17:29:10+00:00","dateModified":"2026-07-25T17:37:13+00:00","breadcrumb":{"@id":"https:\/\/burkina-business-incubator.com\/?p=503#breadcrumb"},"inLanguage":"en-US","potentialAction":[{"@type":"ReadAction","target":["https:\/\/burkina-business-incubator.com\/?p=503"]}]},{"@type":"ImageObject","inLanguage":"en-US","@id":"https:\/\/burkina-business-incubator.com\/?p=503#primaryimage","url":"https:\/\/burkina-business-incubator.com\/wp-content\/uploads\/2023\/07\/proj1.jpg","contentUrl":"https:\/\/burkina-business-incubator.com\/wp-content\/uploads\/2023\/07\/proj1.jpg","width":406,"height":270},{"@type":"BreadcrumbList","@id":"https:\/\/burkina-business-incubator.com\/?p=503#breadcrumb","itemListElement":[{"@type":"ListItem","position":1,"name":"Home","item":"https:\/\/burkina-business-incubator.com\/"},{"@type":"ListItem","position":2,"name":"Projet entrepreneuriat social pour le D\u00e9veloppement Durable en Afrique Subsaharienne : le\u00e7ons tir\u00e9es de l&rsquo;incubation d&rsquo;entreprises au Burkina Faso"}]},{"@type":"WebSite","@id":"https:\/\/burkina-business-incubator.com\/#website","url":"https:\/\/burkina-business-incubator.com\/","name":"BBI","description":"Burkina Business Incubator","publisher":{"@id":"https:\/\/burkina-business-incubator.com\/#organization"},"potentialAction":[{"@type":"SearchAction","target":{"@type":"EntryPoint","urlTemplate":"https:\/\/burkina-business-incubator.com\/?s={search_term_string}"},"query-input":{"@type":"PropertyValueSpecification","valueRequired":true,"valueName":"search_term_string"}}],"inLanguage":"en-US"},{"@type":"Organization","@id":"https:\/\/burkina-business-incubator.com\/#organization","name":"BBI","url":"https:\/\/burkina-business-incubator.com\/","logo":{"@type":"ImageObject","inLanguage":"en-US","@id":"https:\/\/burkina-business-incubator.com\/#\/schema\/logo\/image\/","url":"https:\/\/burkina-business-incubator.com\/wp-content\/uploads\/2026\/07\/cropped-BBI.png","contentUrl":"https:\/\/burkina-business-incubator.com\/wp-content\/uploads\/2026\/07\/cropped-BBI.png","width":1630,"height":940,"caption":"BBI"},"image":{"@id":"https:\/\/burkina-business-incubator.com\/#\/schema\/logo\/image\/"}},{"@type":"Person","@id":"https:\/\/burkina-business-incubator.com\/#\/schema\/person\/b2a092eb04839bc0fa3b422c8e6685ca","name":"admin","image":{"@type":"ImageObject","inLanguage":"en-US","@id":"https:\/\/secure.gravatar.com\/avatar\/e4ad5bb743c8b6cb174d9df6c7d30a8a16f6889731241345fc6444e6485f02af?s=96&d=mm&r=g","url":"https:\/\/secure.gravatar.com\/avatar\/e4ad5bb743c8b6cb174d9df6c7d30a8a16f6889731241345fc6444e6485f02af?s=96&d=mm&r=g","contentUrl":"https:\/\/secure.gravatar.com\/avatar\/e4ad5bb743c8b6cb174d9df6c7d30a8a16f6889731241345fc6444e6485f02af?s=96&d=mm&r=g","caption":"admin"},"sameAs":["https:\/\/burkina-business-incubator.com"],"url":"https:\/\/burkina-business-incubator.com\/?author=1"}]}},"_links":{"self":[{"href":"https:\/\/burkina-business-incubator.com\/index.php?rest_route=\/wp\/v2\/posts\/503","targetHints":{"allow":["GET"]}}],"collection":[{"href":"https:\/\/burkina-business-incubator.com\/index.php?rest_route=\/wp\/v2\/posts"}],"about":[{"href":"https:\/\/burkina-business-incubator.com\/index.php?rest_route=\/wp\/v2\/types\/post"}],"author":[{"embeddable":true,"href":"https:\/\/burkina-business-incubator.com\/index.php?rest_route=\/wp\/v2\/users\/1"}],"replies":[{"embeddable":true,"href":"https:\/\/burkina-business-incubator.com\/index.php?rest_route=%2Fwp%2Fv2%2Fcomments&post=503"}],"version-history":[{"count":1,"href":"https:\/\/burkina-business-incubator.com\/index.php?rest_route=\/wp\/v2\/posts\/503\/revisions"}],"predecessor-version":[{"id":504,"href":"https:\/\/burkina-business-incubator.com\/index.php?rest_route=\/wp\/v2\/posts\/503\/revisions\/504"}],"wp:featuredmedia":[{"embeddable":true,"href":"https:\/\/burkina-business-incubator.com\/index.php?rest_route=\/wp\/v2\/media\/505"}],"wp:attachment":[{"href":"https:\/\/burkina-business-incubator.com\/index.php?rest_route=%2Fwp%2Fv2%2Fmedia&parent=503"}],"wp:term":[{"taxonomy":"category","embeddable":true,"href":"https:\/\/burkina-business-incubator.com\/index.php?rest_route=%2Fwp%2Fv2%2Fcategories&post=503"},{"taxonomy":"post_tag","embeddable":true,"href":"https:\/\/burkina-business-incubator.com\/index.php?rest_route=%2Fwp%2Fv2%2Ftags&post=503"}],"curies":[{"name":"wp","href":"https:\/\/api.w.org\/{rel}","templated":true}]}}